{"id":498,"date":"2026-03-30T12:23:46","date_gmt":"2026-03-30T10:23:46","guid":{"rendered":"https:\/\/www.jettransfer.sk\/vieden-kulturne-a-obchodne-centrum\/"},"modified":"2026-03-30T12:23:46","modified_gmt":"2026-03-30T10:23:46","slug":"vieden-kulturne-a-obchodne-centrum","status":"publish","type":"post","link":"https:\/\/www.jettransfer.sk\/en\/vieden-kulturne-a-obchodne-centrum\/","title":{"rendered":"Viede\u0148: Kult\u00farne a obchodn\u00e9 centrum"},"content":{"rendered":"<p>Viede\u0148, hlavn\u00e9 mesto Rak\u00faska, je nielen jedn\u00fdm z najv\u00fdznamnej\u0161\u00edch kult\u00farnych centier Eur\u00f3py, ale aj d\u00f4le\u017eit\u00fdm obchodn\u00fdm uzlom. \u010ci u\u017e cestujete za umen\u00edm, hist\u00f3riou alebo obchodn\u00fdmi z\u00e1v\u00e4zkami, Viede\u0148 pon\u00faka nespo\u010detn\u00e9 mno\u017estvo pr\u00edle\u017eitost\u00ed a z\u00e1\u017eitkov. Ako sa v\u0161ak pohodlne a r\u00fdchlo dosta\u0165 z letiska Schwechat do centra mesta alebo do okolit\u00fdch metropol, ako je Bratislava a Budape\u0161\u0165? Rie\u0161en\u00edm m\u00f4\u017ee by\u0165 vyu\u017eitie taxi slu\u017eieb, ktor\u00e9 pon\u00faka JetTransfer.<\/p>\n<h2>Praktick\u00e9 inform\u00e1cie pre cestuj\u00facich<\/h2>\n<p>Cestovanie do Viedne je jednoduch\u00e9 a pohodln\u00e9, a to najm\u00e4 v\u010faka dobr\u00e9mu spojeniu medzi letiskom Schwechat a centrom mesta. Letisko sa nach\u00e1dza pribli\u017ene 18 kilometrov juhov\u00fdchodne od centra Viedne, \u010do umo\u017e\u0148uje r\u00fdchly pr\u00edstup do mesta. Ak pl\u00e1nujete pokra\u010dova\u0165 do Bratislavy alebo Budape\u0161ti, je d\u00f4le\u017eit\u00e9 zv\u00e1\u017ei\u0165 najlep\u0161\u00ed sp\u00f4sob prepravy.<\/p>\n<h2>V\u00fdhody vyu\u017eitia taxi slu\u017eby oproti inej doprave<\/h2>\n<p>Jednou z hlavn\u00fdch v\u00fdhod vyu\u017eitia taxi slu\u017eby, ako napr\u00edklad JetTransfer, je jej flexibilita a pohodlie. Na rozdiel od verejnej dopravy, ktor\u00e1 m\u00f4\u017ee by\u0165 obmedzen\u00e1 \u010dasov\u00fdmi harmonogramami a zast\u00e1vkami, taxi slu\u017eba v\u00e1m umo\u017e\u0148uje cestova\u0165 priamo z bodu A do bodu B. Okrem toho sa nemus\u00edte stara\u0165 o bato\u017einu alebo komplikovan\u00e9 prestupy.<\/p>\n<h2>Komfort a spo\u013eahlivos\u0165<\/h2>\n<p>JetTransfer kladie d\u00f4raz na komfort a spo\u013eahlivos\u0165. Modern\u00e9 vozidl\u00e1 s\u00fa vybaven\u00e9 klimatiz\u00e1ciou a poskytuj\u00fa dostatok priestoru pre cestuj\u00facich i ich bato\u017einu. Profesion\u00e1lni vodi\u010di s\u00fa sk\u00fasen\u00ed a dobre poznaj\u00fa miestne trasy, \u010do zaru\u010duje bezpe\u010dn\u00fa a efekt\u00edvnu cestu.<\/p>\n<h2>\u010casy prepravy medzi destin\u00e1ciami<\/h2>\n<p>Pokia\u013e ide o \u010dasy prepravy, cesta z letiska Schwechat do centra Viedne trv\u00e1 pribli\u017ene 20 a\u017e 30 min\u00fat v z\u00e1vislosti od dopravnej situ\u00e1cie. Transfer do Bratislavy zvy\u010dajne trv\u00e1 okolo 60 min\u00fat, zatia\u013e \u010do cesta do Budape\u0161ti m\u00f4\u017ee zabra\u0165 pribli\u017ene 2 a\u017e 3 hodiny. Tieto \u010dasy s\u00fa orienta\u010dn\u00e9 a m\u00f4\u017eu sa l\u00ed\u0161i\u0165 v z\u00e1vislosti od aktu\u00e1lnych podmienok na cest\u00e1ch.<\/p>\n<h2>Tipy pre pohodln\u00fa cestu<\/h2>\n<p>Na zabezpe\u010denie pohodlnej cesty je d\u00f4le\u017eit\u00e9 si rezervova\u0165 taxi slu\u017ebu vopred, najm\u00e4 ak m\u00e1te presne napl\u00e1novan\u00fd \u010dasov\u00fd rozvrh. Nezabudnite uvies\u0165 presn\u00fa adresu vyzdvihnutia a cie\u013eov\u00fa destin\u00e1ciu. Ak cestujete s de\u0165mi alebo m\u00e1te \u0161peci\u00e1lne po\u017eiadavky, informujte o tom taxi slu\u017ebu pri rezerv\u00e1cii, aby mohli zabezpe\u010di\u0165 v\u0161etky potrebn\u00e9 opatrenia pre va\u0161u pohodln\u00fa cestu.<\/p>\n<h2>U\u017eito\u010dn\u00e9 inform\u00e1cie pre cestuj\u00facich<\/h2>\n<p>Pri pl\u00e1novan\u00ed cesty do Viedne alebo okolit\u00fdch miest je d\u00f4le\u017eit\u00e9 zoh\u013eadni\u0165 aktu\u00e1lne dopravn\u00e9 podmienky a pr\u00edpadn\u00e9 obmedzenia. Sledujte predpove\u010f po\u010dasia, aby ste sa vedeli pripravi\u0165 na ak\u00e9ko\u013evek zmeny, a nezabudnite si so sebou vzia\u0165 v\u0161etky potrebn\u00e9 doklady. V pr\u00edpade medzin\u00e1rodn\u00fdch ciest majte pri sebe platn\u00fd cestovn\u00fd pas alebo ob\u010diansky preukaz a skontrolujte si platnos\u0165 potrebn\u00fdch v\u00edz.<\/p>\n<p>Vyu\u017eit\u00edm taxi slu\u017eby JetTransfer z\u00edskate nielen pohodln\u00fa a spo\u013eahliv\u00fa dopravu, ale aj bezstarostn\u00fd za\u010diatok va\u0161ej cesty. \u010ci u\u017e ste na slu\u017eobnej ceste alebo na dovolenke, m\u00f4\u017eete sa spo\u013eahn\u00fa\u0165 na profesion\u00e1lny pr\u00edstup a vysok\u00fd \u0161tandard slu\u017eieb.<\/p>","protected":false},"excerpt":{"rendered":"<p>Viede\u0148, hlavn\u00e9 mesto Rak\u00faska, je nielen jedn\u00fdm z najv\u00fdznamnej\u0161\u00edch kult\u00farnych centier Eur\u00f3py, ale aj d\u00f4le\u017eit\u00fdm obchodn\u00fdm uzlom. \u010ci u\u017e cestujete za umen\u00edm, hist\u00f3riou alebo obchodn\u00fdmi z\u00e1v\u00e4zkami, Viede\u0148 pon\u00faka nespo\u010detn\u00e9 mno\u017estvo pr\u00edle\u017eitost\u00ed a z\u00e1\u017eitkov. Ako sa v\u0161ak pohodlne a r\u00fdchlo dosta\u0165 z letiska Schwechat do centra mesta alebo do okolit\u00fdch metropol, ako je Bratislava a Budape\u0161\u0165? [&hellip;]<\/p>\n","protected":false},"author":1,"featured_media":499,"comment_status":"open","ping_status":"open","sticky":false,"template":"","format":"standard","meta":{"rop_custom_images_group":[],"rop_custom_messages_group":[],"rop_publish_now":"initial","rop_publish_now_accounts":{"facebook_10236999621589258_229348913603105":""},"rop_publish_now_history":[],"rop_publish_now_status":"pending","footnotes":""},"categories":[11],"tags":[],"class_list":["post-498","post","type-post","status-publish","format-standard","has-post-thumbnail","hentry","category-blog"],"yoast_head":"<!-- This site is optimized with the Yoast SEO plugin v27.5 - https:\/\/yoast.com\/product\/yoast-seo-wordpress\/ -->\n<title>Viede\u0148: Kult\u00farne a obchodn\u00e9 centrum &#8211; JETTransfer<\/title>\n<meta name=\"robots\" content=\"index, follow, max-snippet:-1, max-image-preview:large, max-video-preview:-1\" \/>\n<link rel=\"canonical\" href=\"https:\/\/www.jettransfer.sk\/en\/vieden-kulturne-a-obchodne-centrum\/\" \/>\n<meta property=\"og:locale\" content=\"en_US\" \/>\n<meta property=\"og:type\" content=\"article\" \/>\n<meta property=\"og:title\" content=\"Viede\u0148: Kult\u00farne a obchodn\u00e9 centrum &#8211; JETTransfer\" \/>\n<meta property=\"og:description\" content=\"Viede\u0148, hlavn\u00e9 mesto Rak\u00faska, je nielen jedn\u00fdm z najv\u00fdznamnej\u0161\u00edch kult\u00farnych centier Eur\u00f3py, ale aj d\u00f4le\u017eit\u00fdm obchodn\u00fdm uzlom. \u010ci u\u017e cestujete za umen\u00edm, hist\u00f3riou alebo obchodn\u00fdmi z\u00e1v\u00e4zkami, Viede\u0148 pon\u00faka nespo\u010detn\u00e9 mno\u017estvo pr\u00edle\u017eitost\u00ed a z\u00e1\u017eitkov. Ako sa v\u0161ak pohodlne a r\u00fdchlo dosta\u0165 z letiska Schwechat do centra mesta alebo do okolit\u00fdch metropol, ako je Bratislava a Budape\u0161\u0165? [&hellip;]\" \/>\n<meta property=\"og:url\" content=\"https:\/\/www.jettransfer.sk\/en\/vieden-kulturne-a-obchodne-centrum\/\" \/>\n<meta property=\"og:site_name\" content=\"JETTransfer\" \/>\n<meta property=\"article:publisher\" content=\"https:\/\/www.facebook.com\/profile.php?id=61557366056381&amp;sk=photos\" \/>\n<meta property=\"article:published_time\" content=\"2026-03-30T10:23:46+00:00\" \/>\n<meta name=\"author\" content=\"admin\" \/>\n<meta name=\"twitter:card\" content=\"summary_large_image\" \/>\n<meta name=\"twitter:label1\" content=\"Written by\" \/>\n\t<meta name=\"twitter:data1\" content=\"admin\" \/>\n\t<meta name=\"twitter:label2\" content=\"Est. reading time\" \/>\n\t<meta name=\"twitter:data2\" content=\"3 minutes\" \/>\n<script type=\"application\/ld+json\" class=\"yoast-schema-graph\">{\"@context\":\"https:\\\/\\\/schema.org\",\"@graph\":[{\"@type\":\"Article\",\"@id\":\"https:\\\/\\\/www.jettransfer.sk\\\/vieden-kulturne-a-obchodne-centrum\\\/#article\",\"isPartOf\":{\"@id\":\"https:\\\/\\\/www.jettransfer.sk\\\/vieden-kulturne-a-obchodne-centrum\\\/\"},\"author\":{\"name\":\"admin\",\"@id\":\"https:\\\/\\\/www.jettransfer.sk\\\/#\\\/schema\\\/person\\\/6821b1f4c002194872861824474b30e7\"},\"headline\":\"Viede\u0148: Kult\u00farne a obchodn\u00e9 centrum\",\"datePublished\":\"2026-03-30T10:23:46+00:00\",\"mainEntityOfPage\":{\"@id\":\"https:\\\/\\\/www.jettransfer.sk\\\/vieden-kulturne-a-obchodne-centrum\\\/\"},\"wordCount\":566,\"commentCount\":0,\"publisher\":{\"@id\":\"https:\\\/\\\/www.jettransfer.sk\\\/#organization\"},\"image\":{\"@id\":\"https:\\\/\\\/www.jettransfer.sk\\\/vieden-kulturne-a-obchodne-centrum\\\/#primaryimage\"},\"thumbnailUrl\":\"https:\\\/\\\/www.jettransfer.sk\\\/wp-content\\\/uploads\\\/2026\\\/03\\\/jettransfer-toyota-camry-vieden-kulturne-a-obchodne-centrum-1774866263.png\",\"articleSection\":[\"Blog\"],\"inLanguage\":\"en-US\",\"potentialAction\":[{\"@type\":\"CommentAction\",\"name\":\"Comment\",\"target\":[\"https:\\\/\\\/www.jettransfer.sk\\\/vieden-kulturne-a-obchodne-centrum\\\/#respond\"]}]},{\"@type\":\"WebPage\",\"@id\":\"https:\\\/\\\/www.jettransfer.sk\\\/vieden-kulturne-a-obchodne-centrum\\\/\",\"url\":\"https:\\\/\\\/www.jettransfer.sk\\\/vieden-kulturne-a-obchodne-centrum\\\/\",\"name\":\"Viede\u0148: Kult\u00farne a obchodn\u00e9 centrum &#8211; JETTransfer\",\"isPartOf\":{\"@id\":\"https:\\\/\\\/www.jettransfer.sk\\\/#website\"},\"primaryImageOfPage\":{\"@id\":\"https:\\\/\\\/www.jettransfer.sk\\\/vieden-kulturne-a-obchodne-centrum\\\/#primaryimage\"},\"image\":{\"@id\":\"https:\\\/\\\/www.jettransfer.sk\\\/vieden-kulturne-a-obchodne-centrum\\\/#primaryimage\"},\"thumbnailUrl\":\"https:\\\/\\\/www.jettransfer.sk\\\/wp-content\\\/uploads\\\/2026\\\/03\\\/jettransfer-toyota-camry-vieden-kulturne-a-obchodne-centrum-1774866263.png\",\"datePublished\":\"2026-03-30T10:23:46+00:00\",\"breadcrumb\":{\"@id\":\"https:\\\/\\\/www.jettransfer.sk\\\/vieden-kulturne-a-obchodne-centrum\\\/#breadcrumb\"},\"inLanguage\":\"en-US\",\"potentialAction\":[{\"@type\":\"ReadAction\",\"target\":[\"https:\\\/\\\/www.jettransfer.sk\\\/vieden-kulturne-a-obchodne-centrum\\\/\"]}]},{\"@type\":\"ImageObject\",\"inLanguage\":\"en-US\",\"@id\":\"https:\\\/\\\/www.jettransfer.sk\\\/vieden-kulturne-a-obchodne-centrum\\\/#primaryimage\",\"url\":\"https:\\\/\\\/www.jettransfer.sk\\\/wp-content\\\/uploads\\\/2026\\\/03\\\/jettransfer-toyota-camry-vieden-kulturne-a-obchodne-centrum-1774866263.png\",\"contentUrl\":\"https:\\\/\\\/www.jettransfer.sk\\\/wp-content\\\/uploads\\\/2026\\\/03\\\/jettransfer-toyota-camry-vieden-kulturne-a-obchodne-centrum-1774866263.png\",\"width\":1792,\"height\":1024,\"caption\":\"Toyota Camry taxi\"},{\"@type\":\"BreadcrumbList\",\"@id\":\"https:\\\/\\\/www.jettransfer.sk\\\/vieden-kulturne-a-obchodne-centrum\\\/#breadcrumb\",\"itemListElement\":[{\"@type\":\"ListItem\",\"position\":1,\"name\":\"Domovsk\u00e1 str\u00e1nka\",\"item\":\"https:\\\/\\\/www.jettransfer.sk\\\/\"},{\"@type\":\"ListItem\",\"position\":2,\"name\":\"Viede\u0148: Kult\u00farne a obchodn\u00e9 centrum\"}]},{\"@type\":\"WebSite\",\"@id\":\"https:\\\/\\\/www.jettransfer.sk\\\/#website\",\"url\":\"https:\\\/\\\/www.jettransfer.sk\\\/\",\"name\":\"Jettransfer | Osobn\u00e1 preprava\",\"description\":\"Spo\u013eahliv\u00e1 preprava na letisko\",\"publisher\":{\"@id\":\"https:\\\/\\\/www.jettransfer.sk\\\/#organization\"},\"potentialAction\":[{\"@type\":\"SearchAction\",\"target\":{\"@type\":\"EntryPoint\",\"urlTemplate\":\"https:\\\/\\\/www.jettransfer.sk\\\/?s={search_term_string}\"},\"query-input\":{\"@type\":\"PropertyValueSpecification\",\"valueRequired\":true,\"valueName\":\"search_term_string\"}}],\"inLanguage\":\"en-US\"},{\"@type\":\"Organization\",\"@id\":\"https:\\\/\\\/www.jettransfer.sk\\\/#organization\",\"name\":\"JETTransfer\",\"url\":\"https:\\\/\\\/www.jettransfer.sk\\\/\",\"logo\":{\"@type\":\"ImageObject\",\"inLanguage\":\"en-US\",\"@id\":\"https:\\\/\\\/www.jettransfer.sk\\\/#\\\/schema\\\/logo\\\/image\\\/\",\"url\":\"https:\\\/\\\/www.jettransfer.sk\\\/wp-content\\\/uploads\\\/2025\\\/04\\\/176032148_padded_logo-e1744719779712.png\",\"contentUrl\":\"https:\\\/\\\/www.jettransfer.sk\\\/wp-content\\\/uploads\\\/2025\\\/04\\\/176032148_padded_logo-e1744719779712.png\",\"width\":696,\"height\":696,\"caption\":\"JETTransfer\"},\"image\":{\"@id\":\"https:\\\/\\\/www.jettransfer.sk\\\/#\\\/schema\\\/logo\\\/image\\\/\"},\"sameAs\":[\"https:\\\/\\\/www.facebook.com\\\/profile.php?id=61557366056381&sk=photos\",\"https:\\\/\\\/www.instagram.com\\\/jettransfer.sk?igsh=MTc1NDN5NmRwN3Frcw&utm_source=qr\",\"https:\\\/\\\/www.linkedin.com\\\/in\\\/peter-zatko-446776335\"]},{\"@type\":\"Person\",\"@id\":\"https:\\\/\\\/www.jettransfer.sk\\\/#\\\/schema\\\/person\\\/6821b1f4c002194872861824474b30e7\",\"name\":\"admin\",\"image\":{\"@type\":\"ImageObject\",\"inLanguage\":\"en-US\",\"@id\":\"https:\\\/\\\/secure.gravatar.com\\\/avatar\\\/a205d7874edcd179fea4c176485d4bd8521c6223792b16956c7488e1b6969272?s=96&d=mm&r=g\",\"url\":\"https:\\\/\\\/secure.gravatar.com\\\/avatar\\\/a205d7874edcd179fea4c176485d4bd8521c6223792b16956c7488e1b6969272?s=96&d=mm&r=g\",\"contentUrl\":\"https:\\\/\\\/secure.gravatar.com\\\/avatar\\\/a205d7874edcd179fea4c176485d4bd8521c6223792b16956c7488e1b6969272?s=96&d=mm&r=g\",\"caption\":\"admin\"},\"sameAs\":[\"https:\\\/\\\/www.jettransfer.sk\"],\"url\":\"https:\\\/\\\/www.jettransfer.sk\\\/en\\\/author\\\/admin\\\/\"}]}<\/script>\n<!-- \/ Yoast SEO plugin. -->","yoast_head_json":{"title":"Viede\u0148: Kult\u00farne a obchodn\u00e9 centrum &#8211; JETTransfer","robots":{"index":"index","follow":"follow","max-snippet":"max-snippet:-1","max-image-preview":"max-image-preview:large","max-video-preview":"max-video-preview:-1"},"canonical":"https:\/\/www.jettransfer.sk\/en\/vieden-kulturne-a-obchodne-centrum\/","og_locale":"en_US","og_type":"article","og_title":"Viede\u0148: Kult\u00farne a obchodn\u00e9 centrum &#8211; JETTransfer","og_description":"Viede\u0148, hlavn\u00e9 mesto Rak\u00faska, je nielen jedn\u00fdm z najv\u00fdznamnej\u0161\u00edch kult\u00farnych centier Eur\u00f3py, ale aj d\u00f4le\u017eit\u00fdm obchodn\u00fdm uzlom. \u010ci u\u017e cestujete za umen\u00edm, hist\u00f3riou alebo obchodn\u00fdmi z\u00e1v\u00e4zkami, Viede\u0148 pon\u00faka nespo\u010detn\u00e9 mno\u017estvo pr\u00edle\u017eitost\u00ed a z\u00e1\u017eitkov. Ako sa v\u0161ak pohodlne a r\u00fdchlo dosta\u0165 z letiska Schwechat do centra mesta alebo do okolit\u00fdch metropol, ako je Bratislava a Budape\u0161\u0165? [&hellip;]","og_url":"https:\/\/www.jettransfer.sk\/en\/vieden-kulturne-a-obchodne-centrum\/","og_site_name":"JETTransfer","article_publisher":"https:\/\/www.facebook.com\/profile.php?id=61557366056381&sk=photos","article_published_time":"2026-03-30T10:23:46+00:00","author":"admin","twitter_card":"summary_large_image","twitter_misc":{"Written by":"admin","Est. reading time":"3 minutes"},"schema":{"@context":"https:\/\/schema.org","@graph":[{"@type":"Article","@id":"https:\/\/www.jettransfer.sk\/vieden-kulturne-a-obchodne-centrum\/#article","isPartOf":{"@id":"https:\/\/www.jettransfer.sk\/vieden-kulturne-a-obchodne-centrum\/"},"author":{"name":"admin","@id":"https:\/\/www.jettransfer.sk\/#\/schema\/person\/6821b1f4c002194872861824474b30e7"},"headline":"Viede\u0148: Kult\u00farne a obchodn\u00e9 centrum","datePublished":"2026-03-30T10:23:46+00:00","mainEntityOfPage":{"@id":"https:\/\/www.jettransfer.sk\/vieden-kulturne-a-obchodne-centrum\/"},"wordCount":566,"commentCount":0,"publisher":{"@id":"https:\/\/www.jettransfer.sk\/#organization"},"image":{"@id":"https:\/\/www.jettransfer.sk\/vieden-kulturne-a-obchodne-centrum\/#primaryimage"},"thumbnailUrl":"https:\/\/www.jettransfer.sk\/wp-content\/uploads\/2026\/03\/jettransfer-toyota-camry-vieden-kulturne-a-obchodne-centrum-1774866263.png","articleSection":["Blog"],"inLanguage":"en-US","potentialAction":[{"@type":"CommentAction","name":"Comment","target":["https:\/\/www.jettransfer.sk\/vieden-kulturne-a-obchodne-centrum\/#respond"]}]},{"@type":"WebPage","@id":"https:\/\/www.jettransfer.sk\/vieden-kulturne-a-obchodne-centrum\/","url":"https:\/\/www.jettransfer.sk\/vieden-kulturne-a-obchodne-centrum\/","name":"Viede\u0148: Kult\u00farne a obchodn\u00e9 centrum &#8211; JETTransfer","isPartOf":{"@id":"https:\/\/www.jettransfer.sk\/#website"},"primaryImageOfPage":{"@id":"https:\/\/www.jettransfer.sk\/vieden-kulturne-a-obchodne-centrum\/#primaryimage"},"image":{"@id":"https:\/\/www.jettransfer.sk\/vieden-kulturne-a-obchodne-centrum\/#primaryimage"},"thumbnailUrl":"https:\/\/www.jettransfer.sk\/wp-content\/uploads\/2026\/03\/jettransfer-toyota-camry-vieden-kulturne-a-obchodne-centrum-1774866263.png","datePublished":"2026-03-30T10:23:46+00:00","breadcrumb":{"@id":"https:\/\/www.jettransfer.sk\/vieden-kulturne-a-obchodne-centrum\/#breadcrumb"},"inLanguage":"en-US","potentialAction":[{"@type":"ReadAction","target":["https:\/\/www.jettransfer.sk\/vieden-kulturne-a-obchodne-centrum\/"]}]},{"@type":"ImageObject","inLanguage":"en-US","@id":"https:\/\/www.jettransfer.sk\/vieden-kulturne-a-obchodne-centrum\/#primaryimage","url":"https:\/\/www.jettransfer.sk\/wp-content\/uploads\/2026\/03\/jettransfer-toyota-camry-vieden-kulturne-a-obchodne-centrum-1774866263.png","contentUrl":"https:\/\/www.jettransfer.sk\/wp-content\/uploads\/2026\/03\/jettransfer-toyota-camry-vieden-kulturne-a-obchodne-centrum-1774866263.png","width":1792,"height":1024,"caption":"Toyota Camry taxi"},{"@type":"BreadcrumbList","@id":"https:\/\/www.jettransfer.sk\/vieden-kulturne-a-obchodne-centrum\/#breadcrumb","itemListElement":[{"@type":"ListItem","position":1,"name":"Domovsk\u00e1 str\u00e1nka","item":"https:\/\/www.jettransfer.sk\/"},{"@type":"ListItem","position":2,"name":"Viede\u0148: Kult\u00farne a obchodn\u00e9 centrum"}]},{"@type":"WebSite","@id":"https:\/\/www.jettransfer.sk\/#website","url":"https:\/\/www.jettransfer.sk\/","name":"Jettransfer | Osobn\u00e1 preprava","description":"Spo\u013eahliv\u00e1 preprava na letisko","publisher":{"@id":"https:\/\/www.jettransfer.sk\/#organization"},"potentialAction":[{"@type":"SearchAction","target":{"@type":"EntryPoint","urlTemplate":"https:\/\/www.jettransfer.sk\/?s={search_term_string}"},"query-input":{"@type":"PropertyValueSpecification","valueRequired":true,"valueName":"search_term_string"}}],"inLanguage":"en-US"},{"@type":"Organization","@id":"https:\/\/www.jettransfer.sk\/#organization","name":"JETTransfer","url":"https:\/\/www.jettransfer.sk\/","logo":{"@type":"ImageObject","inLanguage":"en-US","@id":"https:\/\/www.jettransfer.sk\/#\/schema\/logo\/image\/","url":"https:\/\/www.jettransfer.sk\/wp-content\/uploads\/2025\/04\/176032148_padded_logo-e1744719779712.png","contentUrl":"https:\/\/www.jettransfer.sk\/wp-content\/uploads\/2025\/04\/176032148_padded_logo-e1744719779712.png","width":696,"height":696,"caption":"JETTransfer"},"image":{"@id":"https:\/\/www.jettransfer.sk\/#\/schema\/logo\/image\/"},"sameAs":["https:\/\/www.facebook.com\/profile.php?id=61557366056381&sk=photos","https:\/\/www.instagram.com\/jettransfer.sk?igsh=MTc1NDN5NmRwN3Frcw&utm_source=qr","https:\/\/www.linkedin.com\/in\/peter-zatko-446776335"]},{"@type":"Person","@id":"https:\/\/www.jettransfer.sk\/#\/schema\/person\/6821b1f4c002194872861824474b30e7","name":"admin","image":{"@type":"ImageObject","inLanguage":"en-US","@id":"https:\/\/secure.gravatar.com\/avatar\/a205d7874edcd179fea4c176485d4bd8521c6223792b16956c7488e1b6969272?s=96&d=mm&r=g","url":"https:\/\/secure.gravatar.com\/avatar\/a205d7874edcd179fea4c176485d4bd8521c6223792b16956c7488e1b6969272?s=96&d=mm&r=g","contentUrl":"https:\/\/secure.gravatar.com\/avatar\/a205d7874edcd179fea4c176485d4bd8521c6223792b16956c7488e1b6969272?s=96&d=mm&r=g","caption":"admin"},"sameAs":["https:\/\/www.jettransfer.sk"],"url":"https:\/\/www.jettransfer.sk\/en\/author\/admin\/"}]}},"_links":{"self":[{"href":"https:\/\/www.jettransfer.sk\/en\/wp-json\/wp\/v2\/posts\/498","targetHints":{"allow":["GET"]}}],"collection":[{"href":"https:\/\/www.jettransfer.sk\/en\/wp-json\/wp\/v2\/posts"}],"about":[{"href":"https:\/\/www.jettransfer.sk\/en\/wp-json\/wp\/v2\/types\/post"}],"author":[{"embeddable":true,"href":"https:\/\/www.jettransfer.sk\/en\/wp-json\/wp\/v2\/users\/1"}],"replies":[{"embeddable":true,"href":"https:\/\/www.jettransfer.sk\/en\/wp-json\/wp\/v2\/comments?post=498"}],"version-history":[{"count":0,"href":"https:\/\/www.jettransfer.sk\/en\/wp-json\/wp\/v2\/posts\/498\/revisions"}],"wp:featuredmedia":[{"embeddable":true,"href":"https:\/\/www.jettransfer.sk\/en\/wp-json\/wp\/v2\/media\/499"}],"wp:attachment":[{"href":"https:\/\/www.jettransfer.sk\/en\/wp-json\/wp\/v2\/media?parent=498"}],"wp:term":[{"taxonomy":"category","embeddable":true,"href":"https:\/\/www.jettransfer.sk\/en\/wp-json\/wp\/v2\/categories?post=498"},{"taxonomy":"post_tag","embeddable":true,"href":"https:\/\/www.jettransfer.sk\/en\/wp-json\/wp\/v2\/tags?post=498"}],"curies":[{"name":"wp","href":"https:\/\/api.w.org\/{rel}","templated":true}]}}